{"id":1081,"date":"2021-11-04T18:09:28","date_gmt":"2021-11-04T18:09:28","guid":{"rendered":"http:\/\/www.feval.com\/ficon\/?p=1081"},"modified":"2021-11-04T18:09:28","modified_gmt":"2021-11-04T18:09:28","slug":"ficon-expoenergea-abre-el-debate-sobre-rehabilitacion-energetica-de-edificios-y-viviendas","status":"publish","type":"post","link":"https:\/\/www.feval.com\/ficon\/2021\/11\/04\/ficon-expoenergea-abre-el-debate-sobre-rehabilitacion-energetica-de-edificios-y-viviendas\/","title":{"rendered":"FICON-Expoenergea abre el debate sobre rehabilitaci\u00f3n energ\u00e9tica  de edificios y viviendas"},"content":{"rendered":"<p>Una de las acciones m\u00e1s esperadas por los asistentes a FICON-Expoenergea, ha sido la jornada Innoinvest de eficiencia energ\u00e9tica organizada por la AGENEX y el Cl\u00faster de la Energ\u00eda. Sobre la mesa se han puesto de manifiesto novedades en materiales para la rehabilitaci\u00f3n energ\u00e9tica, de nuevas tecnolog\u00edas y de las ayudas de fondos de recuperaci\u00f3n que llegar\u00e1n a Extremadura para la mencionada rehabilitaci\u00f3n energ\u00e9tica.<\/p>\n<p>El director general de Industria, Energ\u00eda y Minas, Samuel Ruiz, ha sido el encargado de su inauguraci\u00f3n. Durante su intervenci\u00f3n ha destacado, adem\u00e1s de las actuaciones destinadas al fomento del autoconsumo y la movilidad el\u00e9ctrica, la rehabilitaci\u00f3n energ\u00e9tica o la puesta en marcha de la convocatoria del MOVES III, la puesta en marcha del Plan Extreme\u00f1o Integrado de Energ\u00eda y Clima (PEIEC). Este establece actuaciones de mitigaci\u00f3n y adaptaci\u00f3n al cambio clim\u00e1tico, investigaci\u00f3n e innovaci\u00f3n y activaci\u00f3n social, y en \u00e9l <em>\u201c<\/em><em>se abordan retos complicados y se muestra la necesidad urgente de transformar nuestro modelo de vida y de producci\u00f3n incorporando criterios de sostenibilidad<\/em>\u201d. Se trata de un oportunidad para generar empleo y nuevas empresas.<\/p>\n<p>La jornada arranc\u00f3 con una ponencia sobre el Nuevo Centro Nacional de Investigaci\u00f3n en Almacenamiento Energ\u00e9tico (CNIAE), que se va a ubicar en la ciudad de C\u00e1ceres. Se trata de un centro de referencia a nivel internacional que pretende contribuir a la adecuada gesti\u00f3n de las energ\u00edas verdes, mediante la investigaci\u00f3n cient\u00edfica, el desarrollo tecnol\u00f3gico y la innovaci\u00f3n en almacenamiento energ\u00e9tico. Por su parte, la Universidad de Extremadura present\u00f3 las Innovaciones energ\u00e9ticas en edificios que se est\u00e1n llevando a cabo en el marco del proyecto Innoinvest con el desarrollo de prototipos en tres \u00e1reas fundamentales: almacenamiento de energ\u00eda, sistemas de fr\u00edo\/calor y materiales innovadores.<\/p>\n<p>En esta jornada se ha abordado tambi\u00e9n el papel de la aerotermia en la rehabilitaci\u00f3n de edificios, adem\u00e1s de darse a conocer proyectos como la Oficina de asesoramiento para la tramitaci\u00f3n de ayudas y proyectos energ\u00e9ticos, una ventanilla \u00fanica gestionada por la Junta de Extremadura y AGENEX que va a informar y acompa\u00f1ar en la tramitaci\u00f3n de ayudas, proyectos de inversi\u00f3n, etc. a empresas, ciudadanos y administraciones p\u00fablicas de la regi\u00f3n. Se trata de un servicio gratuito y que aglutinar\u00e1 todo lo relacionado con la implantaci\u00f3n de energ\u00edas renovables, el fomento de la eficiencia energ\u00e9tica o el impulso a la movilidad sostenible en un mismo espacio.<\/p>\n<p>El encuentro ha servido tambi\u00e9n para informar sobre las Nuevas ayudas y el fondo de garant\u00eda p\u00fablico para la rehabilitaci\u00f3n de viviendas. El Fondo GEEVE es un instrumento financiero innovador en Europa y que se ha desarrollado en Extremadura impulsado por el proyecto HousEEnvest para promover la inversi\u00f3n en materia de rehabilitaci\u00f3n energ\u00e9tica de edificios. En el desarrollo de estas jornadas ha participado tambi\u00e9n l experto en energ\u00eda, Jorge Morales de Labra, quien ha manifestado \u201c<em>la<\/em> <em>necesidad una reforma urgente en el sistema el<\/em><em>\u00e9<\/em><em>ctrico para evitar los inevitables vaivenes que van a vivir los combustibles f\u00f3siles en estos a\u00f1os que les quedan\u201d. <\/em><\/p>\n<p><em>\u00a0<\/em>La jornada ha finalizado con una mesa redonda protagonizada por entes p\u00fablicos y privados para abordar\u00a0 el marco general de falta de materias primas y las din\u00e1micas especulativas de todo el mercado, no solamente el energ\u00e9tico. Asimismo se han analizado las posibilidades de la regi\u00f3n para aprovechar los fondos de recuperaci\u00f3n y qu\u00e9 significar\u00e1n en la econom\u00eda de la regi\u00f3n. En torno a este asunto, Cosme Segador, de AGENEX, ha avanzado que en breve \u201c<em>se abrir\u00e1n las l\u00edneas de ayuda para las mejoras en materia de rehabilitaci\u00f3n, adem\u00e1s, <strong>Extremadura es la \u00fanica comunidad aut\u00f3noma que cuenta con un fondo de garant\u00eda, creado por la Junta de Extremadura junto a AGENEX, compatible con las ayudas destinadas a la recuperaci\u00f3n\u201d. <\/strong><\/em>Esta medida permitir\u00e1 a las comunidades de vecinos solicitar ayudas econ\u00f3micas para acometer reformas con unas condiciones m\u00e1s favorables que las ofrecidas por las entidades financieras.<\/p>\n<p><em>\u00a0<\/em><em>\u201cEmpresarios y administraci\u00f3n debemos tener un cambio de mentalidad. Todo lo relativo a eficiencia energ<\/em><em>\u00e9<\/em><em>tica y rehabilitaci\u00f3n necesita una formaci\u00f3n desde abajo\u201d, <\/em>ha indicado Carmen Cort\u00e9s, presidenta del comit\u00e9 organizador de FICON y participante en la mesa redonda. Cort\u00e9s tambi\u00e9n se ha referido a un problema de futuro cercano \u201cno<em> hay relevo generacional y los empresarios deben hacer ver que es un sector en el que se puede crecer. Y la Administraci\u00f3n debe controlar si hay competencia desleal y atajarlo para conseguir los logros que planteamos\u201d, ha concluido. <\/em><\/p>\n<p><em>\u00a0<\/em>FIC\u00d3N-Expoenergea continuar\u00e1 durante la tarde de hoy jueves con una exposici\u00f3n de casos de \u00e9xitos de empresas extreme\u00f1as en materia de ahorro y eficiencia energ\u00e9tica, organizada por el Cl\u00faster de la Energ\u00eda de Extremadura; y con la mesa redonda \u201cConstruyendo en igualdad. Mujer y relevo generacional, perspectiva de g\u00e9nero aplicada al sector\u201d<\/p>\n<p>FICON-Expoenergea est\u00e1 organizado por FEVAL, Instituci\u00f3n Ferial de Extremadura. Cuenta con la colaboraci\u00f3n de Junta de Extremadura, Diputaci\u00f3n de Badajoz, Diputaci\u00f3n de C\u00e1ceres y Ayuntamiento de Don Benito.<\/p>\n<p>Este evento cuenta con el apoyo de los proyectos INNOINVEST y LOCALCIR, cofinanciados por el Fondo Europeo de Desarrollo Regional (FEDER) a trav\u00e9s del Programa Interreg V-A Espa\u00f1a y Portugal (POCTEP) 2014-2020. Y la colaboraci\u00f3n de Araplasa, Placonsa, SENPA y Grupo Santana.<\/p>\n","protected":false},"excerpt":{"rendered":"<p>Una de las acciones m\u00e1s esperadas por los asistentes a FICON-Expoenergea, ha sido la jornada Innoinvest de eficiencia energ\u00e9tica organizada por la AGENEX y el Cl\u00faster de la Energ\u00eda. Sobre la mesa se han puesto de manifiesto novedades en materiales para la rehabilitaci\u00f3n energ\u00e9tica, de nuevas tecnolog\u00edas y de las ayudas de fondos de recuperaci\u00f3n [&#8230;]\n","protected":false},"author":7,"featured_media":1082,"comment_status":"open","ping_status":"open","sticky":false,"template":"","format":"standard","meta":{"_uf_show_specific_survey":0,"_uf_disable_surveys":false},"categories":[24],"tags":[],"_links":{"self":[{"href":"https:\/\/www.feval.com\/ficon\/wp-json\/wp\/v2\/posts\/1081"}],"collection":[{"href":"https:\/\/www.feval.com\/ficon\/wp-json\/wp\/v2\/posts"}],"about":[{"href":"https:\/\/www.feval.com\/ficon\/wp-json\/wp\/v2\/types\/post"}],"author":[{"embeddable":true,"href":"https:\/\/www.feval.com\/ficon\/wp-json\/wp\/v2\/users\/7"}],"replies":[{"embeddable":true,"href":"https:\/\/www.feval.com\/ficon\/wp-json\/wp\/v2\/comments?post=1081"}],"version-history":[{"count":1,"href":"https:\/\/www.feval.com\/ficon\/wp-json\/wp\/v2\/posts\/1081\/revisions"}],"predecessor-version":[{"id":1083,"href":"https:\/\/www.feval.com\/ficon\/wp-json\/wp\/v2\/posts\/1081\/revisions\/1083"}],"wp:featuredmedia":[{"embeddable":true,"href":"https:\/\/www.feval.com\/ficon\/wp-json\/wp\/v2\/media\/1082"}],"wp:attachment":[{"href":"https:\/\/www.feval.com\/ficon\/wp-json\/wp\/v2\/media?parent=1081"}],"wp:term":[{"taxonomy":"category","embeddable":true,"href":"https:\/\/www.feval.com\/ficon\/wp-json\/wp\/v2\/categories?post=1081"},{"taxonomy":"post_tag","embeddable":true,"href":"https:\/\/www.feval.com\/ficon\/wp-json\/wp\/v2\/tags?post=1081"}],"curies":[{"name":"wp","href":"https:\/\/api.w.org\/{rel}","templated":true}]}}