{"id":1084,"date":"2021-11-04T18:14:32","date_gmt":"2021-11-04T18:14:32","guid":{"rendered":"http:\/\/www.feval.com\/ficon\/?p=1084"},"modified":"2021-11-04T18:14:32","modified_gmt":"2021-11-04T18:14:32","slug":"ficon-expoenergea-pone-el-foco-en-la-perspectiva-de-genero-y-el-papel-de-la-mujer-en-el-sector-de-la-construccion","status":"publish","type":"post","link":"https:\/\/www.feval.com\/ficon\/2021\/11\/04\/ficon-expoenergea-pone-el-foco-en-la-perspectiva-de-genero-y-el-papel-de-la-mujer-en-el-sector-de-la-construccion\/","title":{"rendered":"FICON-Expoenergea pone el foco en la perspectiva de g\u00e9nero y el papel de la mujer en el sector de la construcci\u00f3n"},"content":{"rendered":"<p>La perspectiva de g\u00e9nero y el papel de la mujer en la construcci\u00f3n, una cuesti\u00f3n que resulta clave en el relevo generacional, han sido los ejes principales de la mesa redonda \u201cConstruyendo en igualdad\u201d celebrada esta tarde en FICON-Expoenergea en las instalaciones de FEVAL (Don Benito). Se trata de la primera vez que se celebra un encuentro con esta tem\u00e1tica de g\u00e9nero en un certamen relacionado con este sector. La actividad, que estuvo moderada por Susana Cort\u00e9s, directora general de la Instituci\u00f3n Ferial de Extremadura-FEVAL, cont\u00f3 con la participaci\u00f3n de Ana Vega, directora general de Empresa de la Junta de Extremadura, Carm\u00e9n Cort\u00e9s como presidenta del comit\u00e9 organizador de FICON, las arquitectas In\u00e9s S\u00e1nchez de Madariaga e In\u00e9s Novella, as\u00ed como Laura Barquero, de la empresa Ella Construye.<\/p>\n<p>Durante el debate, las participantes han profundizado en las dificultades con las que se encuentran las mujeres en ese sector y las posibilidades que \u00e9ste les ofrece como salida laboral.<em> \u201cLa mujer tiene un factor importante en el sector desde abajo, es decir, en los puestos de mano de obra, no solo en los rangos superiores en el proceso de construcci\u00f3n. Si en mi empresa llegasen mujeres de este perfil las contratar\u00eda\u201d, <\/em>ha expuesto Carmen Cort\u00e9s, presidenta del comit\u00e9 organizador y gerente de la empresa T\u00e9cnicos en construcci\u00f3n, quien ha a\u00f1adido que esta idea no est\u00e1 re\u00f1ida con el hecho de que <em>\u201cla mujer est\u00e9 capacitada para tener un cargo relevante en una empresa de construcci\u00f3<\/em><em>n<\/em><em>\u201d. <\/em><\/p>\n<p><em>\u00a0<\/em>Una idea que apoyaba con datos Ana Vega, directora general de Empresa de la Junta de Extremadura. <em>\u201cEn Espa\u00f1a, <\/em><em>en 2019, solo<\/em><em> un 8,9 % de las personas que trabajaban en construcci\u00f3n eran mujeres, un n\u00famero que ha descendido al 8,2 % tras la pandemia. Este problema tambi\u00e9n se da entre los j\u00f3venes donde solo el 13 % son hombres <\/em><em>y apenas <\/em><em>un 2 % corresponde a mujeres\u201d. <\/em>La directora general ha continuado su exposici\u00f3n destacando que las mujeres \u201c<em>tenemos las mismas capacidades f\u00edsicas y mentales que los hombres adem\u00e1s de otras habilidades innatas. Es un lujo que no nos podemos permitir y una responsabilidad de todos esa incorporaci\u00f3n, y todo pasa por romper el estereotipos\u201d. <\/em><\/p>\n<p>La mujer tambi\u00e9n es parte de la soluci\u00f3n a otro problema al que se enfrenta el sector de la construcci\u00f3n, el relevo generacional. <em>\u201cLas mujeres somos garant\u00eda de relevo generacional, es uno de los factores a tener en cuenta y se puede hacer a trav<\/em><em>\u00e9<\/em><em>s de pol\u00edticas activas y distintas medidas, porque las mujeres pueden hacer la inmensa mayor\u00eda de estos trabajos\u201d, <\/em>explicaba In\u00e9s S\u00e1nchez de Madariaga, ponente de la mesa centrada en igualdad de g\u00e9nero y relevo generacional quien ha a\u00f1adido que \u201c<em>se debe hacer ver a las j\u00f3venes que aqu\u00ed hay un nicho laboral que puede ser importante\u201d.<\/em><\/p>\n<p>La Feria Ib\u00e9rica de la Construcci\u00f3n, FICON-EXPOENERGEA continuar\u00e1 ma\u00f1ana con las jornadas centradas en las comunidades energ\u00e9ticas locales, en el autoconsumo de Extremadura, el papel de las situaciones en el impulso al modelo de comunidad energ\u00e9tica, las inversiones previstas, la nueva ley de ciclo urbano del agua en la regi\u00f3n, o las conclusiones de grupos de trabajo para la mejora competitiva en el sector de la construcci\u00f3n.<\/p>\n<p>FICON-Expoenergea est\u00e1 organizado por FEVAL, Instituci\u00f3n Ferial de Extremadura. Cuenta con la colaboraci\u00f3n de Junta de Extremadura, Diputaci\u00f3n de Badajoz, Diputaci\u00f3n de C\u00e1ceres y Ayuntamiento de Don Benito.<\/p>\n<p>Este evento cuenta con el apoyo de los proyectos INNOINVEST y LOCALCIR, cofinanciados por el Fondo Europeo de Desarrollo Regional (FEDER) a trav\u00e9s del Programa Interreg V-A Espa\u00f1a y Portugal (POCTEP) 2014-2020. Y la colaboraci\u00f3n de Araplasa, Placonsa, SENPA y Grupo Santana.<\/p>\n","protected":false},"excerpt":{"rendered":"<p>La perspectiva de g\u00e9nero y el papel de la mujer en la construcci\u00f3n, una cuesti\u00f3n que resulta clave en el relevo generacional, han sido los ejes principales de la mesa redonda \u201cConstruyendo en igualdad\u201d celebrada esta tarde en FICON-Expoenergea en las instalaciones de FEVAL (Don Benito). Se trata de la primera vez que se celebra [&#8230;]\n","protected":false},"author":7,"featured_media":1085,"comment_status":"open","ping_status":"open","sticky":false,"template":"","format":"standard","meta":{"_uf_show_specific_survey":0,"_uf_disable_surveys":false},"categories":[24],"tags":[],"_links":{"self":[{"href":"https:\/\/www.feval.com\/ficon\/wp-json\/wp\/v2\/posts\/1084"}],"collection":[{"href":"https:\/\/www.feval.com\/ficon\/wp-json\/wp\/v2\/posts"}],"about":[{"href":"https:\/\/www.feval.com\/ficon\/wp-json\/wp\/v2\/types\/post"}],"author":[{"embeddable":true,"href":"https:\/\/www.feval.com\/ficon\/wp-json\/wp\/v2\/users\/7"}],"replies":[{"embeddable":true,"href":"https:\/\/www.feval.com\/ficon\/wp-json\/wp\/v2\/comments?post=1084"}],"version-history":[{"count":1,"href":"https:\/\/www.feval.com\/ficon\/wp-json\/wp\/v2\/posts\/1084\/revisions"}],"predecessor-version":[{"id":1086,"href":"https:\/\/www.feval.com\/ficon\/wp-json\/wp\/v2\/posts\/1084\/revisions\/1086"}],"wp:featuredmedia":[{"embeddable":true,"href":"https:\/\/www.feval.com\/ficon\/wp-json\/wp\/v2\/media\/1085"}],"wp:attachment":[{"href":"https:\/\/www.feval.com\/ficon\/wp-json\/wp\/v2\/media?parent=1084"}],"wp:term":[{"taxonomy":"category","embeddable":true,"href":"https:\/\/www.feval.com\/ficon\/wp-json\/wp\/v2\/categories?post=1084"},{"taxonomy":"post_tag","embeddable":true,"href":"https:\/\/www.feval.com\/ficon\/wp-json\/wp\/v2\/tags?post=1084"}],"curies":[{"name":"wp","href":"https:\/\/api.w.org\/{rel}","templated":true}]}}