{"id":1098,"date":"2021-11-05T14:37:57","date_gmt":"2021-11-05T14:37:57","guid":{"rendered":"http:\/\/www.feval.com\/ficon\/?p=1098"},"modified":"2021-11-05T14:37:57","modified_gmt":"2021-11-05T14:37:57","slug":"ficon-expoenergea-aborda-en-encuentros-sectoriales-los-retos-a-los-que-se-enfrentan-los-sectores-de-la-construccion-y-las-energias-renovables","status":"publish","type":"post","link":"https:\/\/www.feval.com\/ficon\/2021\/11\/05\/ficon-expoenergea-aborda-en-encuentros-sectoriales-los-retos-a-los-que-se-enfrentan-los-sectores-de-la-construccion-y-las-energias-renovables\/","title":{"rendered":"FICON-Expoenergea aborda en encuentros sectoriales los retos a los que se enfrentan los sectores de la construcci\u00f3n y las energ\u00edas renovables"},"content":{"rendered":"<p>La formaci\u00f3n profesional en la construcci\u00f3n y las energ\u00edas renovables como nuevo paradigma de los programas de vivienda, junto con la nueva gesti\u00f3n de las carreteras de la red auton\u00f3mica en Extremadura, o los fondos europeos como oportunidad para la accesibilidad universal, han sido algunos de las propuestas desgranadas durante los \u201cEncuentros Networking\u201d celebrados en el marco de FICON, Feria Ib\u00e9rica de la Construcci\u00f3n.<\/p>\n<p>Citas monotem\u00e1ticas que sirven para enriquecer a profesionales del sector de la construcci\u00f3n y las energ\u00edas renovables, pero tambi\u00e9n a particulares, y que una vez m\u00e1s han sido recibidas con gran aceptaci\u00f3n por parte de ponentes y participantes.<\/p>\n<p>La jornada del viernes comenz\u00f3 con una ponencia sobre la gesti\u00f3n de los puentes y carreteras que administra la Junta de Extremadura y que corri\u00f3 a cargo de Javier Le\u00f3n, ingeniero de Caminos, Canales y Puertos de la empresa Fhecor. \u201cUno puede pensar que, ante la ausencia de cat\u00e1strofes, los puentes est\u00e1n bien; pero hay que confirmarlo. Nuestra experiencia es que las cosas se deterioran y hay que mantenerlas\u201d expuso durante su intervenci\u00f3n.<\/p>\n<p>No obstante, Le\u00f3n es una voz autorizada dentro de esta tem\u00e1tica ya que su empresa ha resultado adjudicataria del contrato de la Administraci\u00f3n regional para la inspecci\u00f3n de los puentes extreme\u00f1os, conocer su estado y a partir de esa informaci\u00f3n tomar las medidas para su conservaci\u00f3n. \u201cConocer qu\u00e9 puentes necesitan de m\u00e1s atenci\u00f3n y evitar riesgos y costes innecesarios\u201d, explica sobre su cometido que abarcar\u00e1 la inspecci\u00f3n de 768 puentes, \u201cun puente por cada 4,2 kil\u00f3metros, por tanto, por encima de la media nacional\u201d.<\/p>\n<p>Otra de las tem\u00e1ticas de inter\u00e9s a corto plazo para el sector de la construcci\u00f3n es el de la rehabilitaci\u00f3n, un asunto abordado por Jos\u00e9 Miguel N\u00fa\u00f1ez, jefe de Servicio de Proyectos y Obras de la Junta de Extremadura, que desgran\u00f3 el programa de ayudas a la rehabilitaci\u00f3n residencia y vivienda social publicado recientemente en el Bolet\u00edn Oficial del Estado (BOE) para plantear cinco programas de l\u00edneas de ayudas, m\u00e1s un sexto para la promoci\u00f3n de viviendas sociales en r\u00e9gimen de alquiler en edificios econ\u00f3micamente eficientes.<\/p>\n<p>Cinco l\u00edneas consistentes en la creaci\u00f3n de oficinas de rehabilitaci\u00f3n para facilitar a la ciudadan\u00eda la gesti\u00f3n de la documentaci\u00f3n, ayuda a la rehabilitaci\u00f3n de edificios de forma integral desde la perspectiva energ\u00e9tica, otra m\u00e1s espec\u00edfica para viviendas para actuaciones puntuales y la redacci\u00f3n de proyectos futuros de rehabilitaci\u00f3n. \u201cPuede ser un nicho de mercado muy interesante por lo que llamamos a los colegios profesionales para que movilicen a sus colegiados\u201d, a\u00f1ad\u00eda N\u00fa\u00f1ez que destaca que estas cinco l\u00edneas tienen ya una l\u00ednea presupuestaria completa para Extremadura de m\u00e1s de 25 millones de euros.<\/p>\n<p>\u201cPara Extremadura son muy importantes porque, tras la crisis de la pandemia, tenemos que intentar movilizar al sector de la construcci\u00f3n que es un motor importante en nuestra Comunidad Aut\u00f3noma y la intenci\u00f3n es que la crisis econ\u00f3mica que pueda venir ligada a esa crisis sanitaria sea paliada de alguna manera con estas medidas\u201d, concluy\u00f3 como cierre de esta ponencia que dio paso a la exposici\u00f3n sobre los fondos europeos en materia de accesibilidad a cargo de M\u00aa \u00c1ngeles L\u00f3pez Amado, directora general de Accesibilidad y Centros de la Junta de Extremadura, y Sagrario Conejero, jefa de servicio del ramo.<\/p>\n<p>Las inversiones previstas y la nueva ley del ciclo urbano del agua en Extremadura y las conclusiones de los grupos de trabajo para la mejora competitiva en el sector de la construcci\u00f3n pusieron el broche a la jornada de \u201cEncuentros Networking\u201d del viernes.<\/p>\n<p>FICON pone as\u00ed de manifiesto la importancia de estos encuentros para conocer de mano de profesionales el presente y futuro del sector. Prueba de ello es tambi\u00e9n el \u00e9xito de participaci\u00f3n en los \u201cEncuentros Networking\u201d celebrados en la primera jornada con temas de relevancia como la apuesta por la formaci\u00f3n profesional en el sector de la construcci\u00f3n y las energ\u00edas renovables, las actuaciones de las Diputaciones de C\u00e1ceres y Badajoz en esta materia, as\u00ed como el paradigma de los programas de vivienda y el Proyecto Rehabita.<\/p>\n<p>Adem\u00e1s de estos encuentros, en FICON se han favorecido tambi\u00e9n espacios de relaciones empresariales entre los m\u00e1s de 60 expositores participantes en esta edici\u00f3n.<\/p>\n<p>Despu\u00e9s de una ma\u00f1ana intensa, vamos a centrar la tarde en conocer experiencias e iniciativas vinculadas a los sectores econ\u00f3micos que forman parte de FICON Expoenergea. Participar\u00e1n la Agencia Extreme\u00f1a de la Energ\u00eda, o se conocer\u00e1 el proyecto EDEA-CICE, entre otros asuntos.<\/p>\n<p>Esta edici\u00f3n concluir\u00e1 ma\u00f1ana con las actividades m\u00e1s l\u00fadicas de la feria, el concurso de alba\u00f1iler\u00eda y el taller de arquitectura para ni\u00f1os \u201cCiudades eficientes\u201d.<\/p>\n<p>FICON-Expoenergea est\u00e1 organizado por FEVAL, Instituci\u00f3n Ferial de Extremadura. Cuenta con la colaboraci\u00f3n de Junta de Extremadura, Diputaci\u00f3n de Badajoz, Diputaci\u00f3n de C\u00e1ceres y Ayuntamiento de Don Benito.<\/p>\n<p>Este evento cuenta con el apoyo de los proyectos INNOINVEST y LOCALCIR, cofinanciados por el Fondo Europeo de Desarrollo Regional (FEDER) a trav\u00e9s del Programa Interreg V-A Espa\u00f1a y Portugal (POCTEP) 2014-2020. Y la colaboraci\u00f3n de Araplasa, Placonsa, SENPA y Grupo Santano.<\/p>\n","protected":false},"excerpt":{"rendered":"<p>La formaci\u00f3n profesional en la construcci\u00f3n y las energ\u00edas renovables como nuevo paradigma de los programas de vivienda, junto con la nueva gesti\u00f3n de las carreteras de la red auton\u00f3mica en Extremadura, o los fondos europeos como oportunidad para la accesibilidad universal, han sido algunos de las propuestas desgranadas durante los \u201cEncuentros Networking\u201d celebrados en [&#8230;]\n","protected":false},"author":7,"featured_media":1099,"comment_status":"open","ping_status":"open","sticky":false,"template":"","format":"standard","meta":{"_uf_show_specific_survey":0,"_uf_disable_surveys":false},"categories":[24],"tags":[],"_links":{"self":[{"href":"https:\/\/www.feval.com\/ficon\/wp-json\/wp\/v2\/posts\/1098"}],"collection":[{"href":"https:\/\/www.feval.com\/ficon\/wp-json\/wp\/v2\/posts"}],"about":[{"href":"https:\/\/www.feval.com\/ficon\/wp-json\/wp\/v2\/types\/post"}],"author":[{"embeddable":true,"href":"https:\/\/www.feval.com\/ficon\/wp-json\/wp\/v2\/users\/7"}],"replies":[{"embeddable":true,"href":"https:\/\/www.feval.com\/ficon\/wp-json\/wp\/v2\/comments?post=1098"}],"version-history":[{"count":1,"href":"https:\/\/www.feval.com\/ficon\/wp-json\/wp\/v2\/posts\/1098\/revisions"}],"predecessor-version":[{"id":1100,"href":"https:\/\/www.feval.com\/ficon\/wp-json\/wp\/v2\/posts\/1098\/revisions\/1100"}],"wp:featuredmedia":[{"embeddable":true,"href":"https:\/\/www.feval.com\/ficon\/wp-json\/wp\/v2\/media\/1099"}],"wp:attachment":[{"href":"https:\/\/www.feval.com\/ficon\/wp-json\/wp\/v2\/media?parent=1098"}],"wp:term":[{"taxonomy":"category","embeddable":true,"href":"https:\/\/www.feval.com\/ficon\/wp-json\/wp\/v2\/categories?post=1098"},{"taxonomy":"post_tag","embeddable":true,"href":"https:\/\/www.feval.com\/ficon\/wp-json\/wp\/v2\/tags?post=1098"}],"curies":[{"name":"wp","href":"https:\/\/api.w.org\/{rel}","templated":true}]}}