{"id":1107,"date":"2021-11-05T17:39:47","date_gmt":"2021-11-05T17:39:47","guid":{"rendered":"http:\/\/www.feval.com\/ficon\/?p=1107"},"modified":"2021-11-05T17:39:47","modified_gmt":"2021-11-05T17:39:47","slug":"ficon-expoenergea-analiza-la-situacion-actual-del-autoconsumo-y-las-comunidades-energeticas-locales","status":"publish","type":"post","link":"https:\/\/www.feval.com\/ficon\/2021\/11\/05\/ficon-expoenergea-analiza-la-situacion-actual-del-autoconsumo-y-las-comunidades-energeticas-locales\/","title":{"rendered":"FICON-Expoenergea analiza la situaci\u00f3n actual del autoconsumo y las comunidades energ\u00e9ticas locales"},"content":{"rendered":"<p>El autoconsumo ha sido el protagonista hoy en FICON-EXPOENERGEA 2021. Han sido varias las ponencias centradas en esta tem\u00e1tica analizada desde distintas variantes. Una de ellas ha sido el an\u00e1lisis de las comunidades energ\u00e9ticas locales, protagonista en la mesa redonda organizada por la Agencia Extreme\u00f1a de la Energ\u00eda (AGENEX).<\/p>\n<p>\u201cEl objetivo es analizar las cuestiones desde el punto de vista legislativo, tambi\u00e9n desde el punto de vista de funcionamiento de otras localidades, incluso enfocado desde c\u00f3mo se puede concienciar a los ciudadanos en poder participar y desarrollar modelos tan interesantes como el que se plantea\u201d, argumentaba Cosme Segador, director de AGENEX.<\/p>\n<p>Se busca con esta propuesta pasar del autoconsumo individual al colectivo pensado para que un grupo de consumidores puedan utilizar la energ\u00eda producida por una instalaci\u00f3n propia ubicada a menos de 500 metros, por ejemplo, una comunidad de vecinos. Son las conocidas como comunidades energ\u00e9ticas locales y \u201c<em>se trata del futuro del autoconsumo<\/em><em>\u201d, <\/em>en palabras de Vicente S\u00e1nchez, presidente del Cl\u00faster de la Energ\u00eda en Extremadura. \u201c<em>Da la posibilidad a los ciudadanos, empresas y entes p<\/em><em>\u00fa<\/em><em>blicos a poder convertirse casi en sus propias comercializadoras de energ<\/em><em>\u00eda<\/em>\u201d, puntualizaba S\u00e1nchez.<\/p>\n<p>Pilar Cruz, representante de Uni\u00f3n de representantes de Uni\u00f3n Renovables apunta a \u201cla puesta en marcha de esa futura legislaci\u00f3n, el conocimiento de una normativa que cambia constantemente y el crear grupos de trabajo, como retos a los que se enfrentan estas comunidades\u201d.<\/p>\n<p>Punto importante del debate ha sido tambi\u00e9n el modelo de implementaci\u00f3n de las comunidades energ\u00e9ticas locales de base municipal en Extremadura. Ha sido Mar\u00eda Isabel Dom\u00ednguez, representante de Camp\u00f3n &amp; Mart\u00ednez-Pereda Abogados, la encargada de explicar la aplicaci\u00f3n de este modelo a la realidad extreme\u00f1a. \u201c<em>Est<\/em><em>\u00e1 <\/em><em>enmarcado dentro del proyecto LOCALCIR que tiene como finalidad la creaci\u00f3n de un servicio de apoyo para el fomento de nuevas ideas empresariales en econom<\/em><em>\u00ed<\/em><em>a verde y circular<\/em>\u201d, expon\u00eda Dom\u00ednguez, que a\u00f1ad\u00eda que el objetivo \u201c<em>es impulsar todas esas iniciativas que permitan el desarrollo de un sector econ\u00f3mico sostenible que redundar<\/em><em>\u00e1<\/em><em>, en una regi\u00f3n como la nuestra, en el favorecimiento de la competitividad de las empresas rurales<\/em>\u201d.<\/p>\n<p>Para ello, insist\u00eda, es fundamental el papel del ciudadano en el cambio del modelo energ\u00e9tico y en el desarrollo de iniciativas \u201cque permiten el consumo y el uso com\u00fan de los recursos energ\u00e9ticos locales con herramientas como el autoconsumo o las comunidades energ\u00e9ticas para funcionar como motor de una econom\u00eda sostenible\u201d.<\/p>\n<p>La jornada, que concluy\u00f3 con una mesa redonda, tambi\u00e9n abord\u00f3 el ejemplo de la comunidad energ\u00e9tica rural en Luco de Jiloca (Teruel), el papel de las diputaciones en el impulso a este modelo de comunidad energ\u00e9tica y la visi\u00f3n de las comunidades energ\u00e9ticas a trav\u00e9s del caso del \u2018Prat Energ\u00eda\u2019.<\/p>\n<p><strong>Premios Expoenergea 2021<\/strong><\/p>\n<p>Adem\u00e1s, hoy se han dado a conocer los premios Expoenergea 2021. Unos galardones que buscan reconocer a aquellas empresas, entidades, profesionales y personalidades que hayan destacado, por su trayectoria y dedicaci\u00f3n, en el campo de la energ\u00eda en Extremadura.<\/p>\n<p>La empresa extreme\u00f1a AGF Ingenier\u00eda de Procesos ha sido galardonada como \u2018Mejor actuaci\u00f3n de empresa\u2019 por su innovaci\u00f3n en procesos de alta eficiencia para generar biog\u00e1s en plantas con un dise\u00f1o \u00f3ptimo de ingenier\u00eda con tecnolog\u00eda propia.<\/p>\n<p>De forma conjunta, la organizaci\u00f3n ha premiado a las Diputaciones de C\u00e1ceres y Badajoz como \u2018Mejor actuaci\u00f3n de Administraci\u00f3n P\u00fablica\u2019 por su implicaci\u00f3n en la mejora de la eficiencia energ\u00e9tica en alumbrado p\u00fablicos y la implementaci\u00f3n de energ\u00edas renovables en los municipios de ambas provincias, teniendo en cuenta la importancia de estas actuaciones desde el punto de vista de la sensibilizaci\u00f3n a la ciudadan\u00eda y por su car\u00e1cter ejemplarizante, sobre todo en el entorno rural.<\/p>\n<p>Por \u00faltimo, Valeriano Ruiz Hern\u00e1ndez ha sido reconocido a t\u00edtulo p\u00f3stumo con el premio especial del jurado a la mejor trayectoria. Nacido en Higuera la Real (1943) fue Doctor en F\u00edsica por la Universidad de Sevilla y Catedr\u00e1tico de Termodin\u00e1mica del Departamento de Ingenier\u00eda Energ\u00e9tica de la Escuela T\u00e9cnica Superior de Ingenier\u00eda de la Universidad de Sevilla<\/p>\n<p>FICON-Expoenergea est\u00e1 organizado por FEVAL, Instituci\u00f3n Ferial de Extremadura. Cuenta con la colaboraci\u00f3n de Junta de Extremadura, Diputaci\u00f3n de Badajoz, Diputaci\u00f3n de C\u00e1ceres y Ayuntamiento de Don Benito.<\/p>\n<p>Este evento cuenta con el apoyo de los proyectos INNOINVEST y LOCALCIR, cofinanciados por el Fondo Europeo de Desarrollo Regional (FEDER) a trav\u00e9s del Programa Interreg V-A Espa\u00f1a y Portugal (POCTEP) 2014-2020. Y la colaboraci\u00f3n de Araplasa, Placonsa, SENPA y Grupo Santano. <strong>\u00a0<\/strong><\/p>\n","protected":false},"excerpt":{"rendered":"<p>El autoconsumo ha sido el protagonista hoy en FICON-EXPOENERGEA 2021. Han sido varias las ponencias centradas en esta tem\u00e1tica analizada desde distintas variantes. Una de ellas ha sido el an\u00e1lisis de las comunidades energ\u00e9ticas locales, protagonista en la mesa redonda organizada por la Agencia Extreme\u00f1a de la Energ\u00eda (AGENEX). \u201cEl objetivo es analizar las cuestiones [&#8230;]\n","protected":false},"author":7,"featured_media":1108,"comment_status":"open","ping_status":"open","sticky":false,"template":"","format":"standard","meta":{"_uf_show_specific_survey":0,"_uf_disable_surveys":false},"categories":[24],"tags":[],"_links":{"self":[{"href":"https:\/\/www.feval.com\/ficon\/wp-json\/wp\/v2\/posts\/1107"}],"collection":[{"href":"https:\/\/www.feval.com\/ficon\/wp-json\/wp\/v2\/posts"}],"about":[{"href":"https:\/\/www.feval.com\/ficon\/wp-json\/wp\/v2\/types\/post"}],"author":[{"embeddable":true,"href":"https:\/\/www.feval.com\/ficon\/wp-json\/wp\/v2\/users\/7"}],"replies":[{"embeddable":true,"href":"https:\/\/www.feval.com\/ficon\/wp-json\/wp\/v2\/comments?post=1107"}],"version-history":[{"count":1,"href":"https:\/\/www.feval.com\/ficon\/wp-json\/wp\/v2\/posts\/1107\/revisions"}],"predecessor-version":[{"id":1109,"href":"https:\/\/www.feval.com\/ficon\/wp-json\/wp\/v2\/posts\/1107\/revisions\/1109"}],"wp:featuredmedia":[{"embeddable":true,"href":"https:\/\/www.feval.com\/ficon\/wp-json\/wp\/v2\/media\/1108"}],"wp:attachment":[{"href":"https:\/\/www.feval.com\/ficon\/wp-json\/wp\/v2\/media?parent=1107"}],"wp:term":[{"taxonomy":"category","embeddable":true,"href":"https:\/\/www.feval.com\/ficon\/wp-json\/wp\/v2\/categories?post=1107"},{"taxonomy":"post_tag","embeddable":true,"href":"https:\/\/www.feval.com\/ficon\/wp-json\/wp\/v2\/tags?post=1107"}],"curies":[{"name":"wp","href":"https:\/\/api.w.org\/{rel}","templated":true}]}}