{"id":1111,"date":"2021-11-06T17:34:20","date_gmt":"2021-11-06T17:34:20","guid":{"rendered":"http:\/\/www.feval.com\/ficon\/?p=1111"},"modified":"2021-11-06T17:34:20","modified_gmt":"2021-11-06T17:34:20","slug":"ficon-expoenergea-cierra-su-edicion-2021-como-referente-regional-para-el-sector-de-la-construccion-y-las-energias-renovables","status":"publish","type":"post","link":"https:\/\/www.feval.com\/ficon\/2021\/11\/06\/ficon-expoenergea-cierra-su-edicion-2021-como-referente-regional-para-el-sector-de-la-construccion-y-las-energias-renovables\/","title":{"rendered":"FICON-Expoenergea cierra su edici\u00f3n 2021 como referente regional para el sector de la construcci\u00f3n y las energ\u00edas renovables"},"content":{"rendered":"<p>FICON-Expoenergea ha finalizado hoy su edici\u00f3n\u00a0 de 2021. Durante 3 d\u00edas diferentes profesionales del sector de la construcci\u00f3n y las renovables se han dado cita en las instalaciones de FEVAL, Don Benito. Las 60 empresas presentes y representadas, as\u00ed como resto de invitados, han podido participar en los encuentros de negocio. Lo vivido estos d\u00edas es una muestra de la petici\u00f3n realizada por Carmen Cort\u00e9s, presidenta del comit\u00e9 organizador, <em>\u201chemos de ayudarnos entre los profesionales del sector, tanto los directos como los indirectos\u201d. <\/em><\/p>\n<p><em>\u00a0<\/em>Esta edici\u00f3n ha sido la primera en la que FIC\u00d3N y Expoenergea se han dado la mano celebrando esta cita de forma conjunta. <em>\u201cEs un ejemplo de sentido com\u00fan y de coherencia porque no parec\u00eda l\u00f3gico que dos eventos de una naturaleza similar y afectando de una manera muy \u00edntima al mismo sector en sus distintas variaciones se celebrasen por separado y con tan poco diferencia de d\u00edas\u201d, <\/em>ha afirmado Susana Cort\u00e9s, directora general de FEVAL. Tras la edici\u00f3n virtual del a\u00f1o anterior, <em>\u201chab\u00eda que comenzar con la presencialidad. Es un inicio y el comienzo es positivo\u201d, <\/em>ha explicado Carmen Cort\u00e9s.<\/p>\n<p>Una de las novedades de este a\u00f1o eran los \u201cEventos Networking\u201d a los que se ha referido la presidenta del comit\u00e9 <em>\u201cvaloramos de forma positiva la calidad de las ponencias y, sobre todo, la cercan\u00eda entre empresarios y directores de las consejer\u00edas o sus t\u00e9cnicos en los networking. Se ha eliminado el t\u00f3pico de que la administraci\u00f3n no est\u00e1 cercana a la empresa y se ha demostrado que las distintas consejer\u00edas est\u00e1n dispuestas a escucharnos y a dialogar con nosotros\u201d. <\/em><\/p>\n<p><em>\u00a0<\/em>Las ponencias se han ido sucediendo de forma continuada, y a veces paralela, tanto las centradas en temas relacionados con FICON como las de tem\u00e1tica energ\u00e9tica organizadas por AGENEX y el Cl\u00faster de la energ\u00eda. Los participantes destacaban el hecho de haber contado contado de forma presencial y directa con ponentes institucionales, consejeras, directores generales\u2026 porque les ha permitido conocer de primera mano en qu\u00e9 se est\u00e1 trabajando, la nueva legislaci\u00f3n, la inversi\u00f3n prevista en los \u00e1mbitos de actuaci\u00f3n de los sectores de esta feria y sus plazos, hacia d\u00f3nde se enfoca el futuro tanto de la construcci\u00f3n como de las renovables. \u201c<em>Un futuro que ha de ir unido porque no se entiende la construcci\u00f3n sin que sea sostenible\u00bb, <\/em>indicaba la delegada de Gobierno en Extremadura, Yolanda Garc\u00eda Seco, durante la inauguraci\u00f3n de este certamen.<\/p>\n<p>Por primera vez en una feria de esta tem\u00e1tica se ha celebrado una mesa redonda donde se ha abordado la perspectiva de g\u00e9nero y el relevo generacional. \u201c<em>Su contenido era necesario y v\u00e1lido\u201d, <\/em>resaltaba Carmen Cort\u00e9s. \u201c<em>Se ha apostado por conectar cuestiones como el futuro de las empresas a trav\u00e9s del relevo generacional o la falta de mano de obra existente en el sector que podr\u00eda ser cubierta por mano de obra femenina que cuenta con unos elevados niveles de paro\u201d, <\/em>complementaba Susana Cort\u00e9s, directora general de FEVAL<\/p>\n<p>Esta edici\u00f3n ha finalizado hoy s\u00e1bado con un programa m\u00e1s l\u00fadico protagonizado por un taller infantil de arquitectura y el concurso de alba\u00f1iler\u00eda que buscaba poner en valor el trabajo de base dentro del sector de la construcci\u00f3n. El primer premio, patrocinado por Carrocer\u00edas Perianes, ha sido para Santiago Olivares y Juan Jos\u00e9 Mateos. La empresa Materiales de Construcci\u00f3n P\u00e9rez Acevedo ha patrocinado el segundo premio con el que se han alzado los hermanos \u00c1ngel y Agust\u00edn Garc\u00eda Rueda. El tercer puesto ha sido para la pareja formada por Isidro Garc\u00eda Rueda y Antonio Ventura Garc\u00edas; estaba patrocinado por BM Tevisa.<\/p>\n<p>Hay que poner en valor la capacidad de di\u00e1logo, de la colaboraci\u00f3n, unir sinergias y siempre sumar, aspectos claves que se han dado en esta edici\u00f3n de FICON-Expoenergea que hoy ha cerrado sus puertas hasta 2022.<\/p>\n<p>FICON-Expoenergea est\u00e1 organizado por FEVAL, Instituci\u00f3n Ferial de Extremadura. Cuenta con la colaboraci\u00f3n de Junta de Extremadura, Diputaci\u00f3n de Badajoz, Diputaci\u00f3n de C\u00e1ceres y Ayuntamiento de Don Benito.<\/p>\n<p>Este evento cuenta con el apoyo de los proyectos INNOINVEST y LOCALCIR, cofinanciados por el Fondo Europeo de Desarrollo Regional (FEDER) a trav\u00e9s del Programa Interreg V-A Espa\u00f1a y Portugal (POCTEP) 2014-2020. Y la colaboraci\u00f3n de Araplasa, Placonsa, SENPA y Grupo Santano. <strong>\u00a0<\/strong><\/p>\n","protected":false},"excerpt":{"rendered":"<p>FICON-Expoenergea ha finalizado hoy su edici\u00f3n\u00a0 de 2021. Durante 3 d\u00edas diferentes profesionales del sector de la construcci\u00f3n y las renovables se han dado cita en las instalaciones de FEVAL, Don Benito. Las 60 empresas presentes y representadas, as\u00ed como resto de invitados, han podido participar en los encuentros de negocio. Lo vivido estos d\u00edas [&#8230;]\n","protected":false},"author":7,"featured_media":1112,"comment_status":"open","ping_status":"open","sticky":false,"template":"","format":"standard","meta":{"_uf_show_specific_survey":0,"_uf_disable_surveys":false},"categories":[24],"tags":[],"_links":{"self":[{"href":"https:\/\/www.feval.com\/ficon\/wp-json\/wp\/v2\/posts\/1111"}],"collection":[{"href":"https:\/\/www.feval.com\/ficon\/wp-json\/wp\/v2\/posts"}],"about":[{"href":"https:\/\/www.feval.com\/ficon\/wp-json\/wp\/v2\/types\/post"}],"author":[{"embeddable":true,"href":"https:\/\/www.feval.com\/ficon\/wp-json\/wp\/v2\/users\/7"}],"replies":[{"embeddable":true,"href":"https:\/\/www.feval.com\/ficon\/wp-json\/wp\/v2\/comments?post=1111"}],"version-history":[{"count":1,"href":"https:\/\/www.feval.com\/ficon\/wp-json\/wp\/v2\/posts\/1111\/revisions"}],"predecessor-version":[{"id":1113,"href":"https:\/\/www.feval.com\/ficon\/wp-json\/wp\/v2\/posts\/1111\/revisions\/1113"}],"wp:featuredmedia":[{"embeddable":true,"href":"https:\/\/www.feval.com\/ficon\/wp-json\/wp\/v2\/media\/1112"}],"wp:attachment":[{"href":"https:\/\/www.feval.com\/ficon\/wp-json\/wp\/v2\/media?parent=1111"}],"wp:term":[{"taxonomy":"category","embeddable":true,"href":"https:\/\/www.feval.com\/ficon\/wp-json\/wp\/v2\/categories?post=1111"},{"taxonomy":"post_tag","embeddable":true,"href":"https:\/\/www.feval.com\/ficon\/wp-json\/wp\/v2\/tags?post=1111"}],"curies":[{"name":"wp","href":"https:\/\/api.w.org\/{rel}","templated":true}]}}